{"id":1749,"date":"2020-06-16T11:06:47","date_gmt":"2020-06-16T09:06:47","guid":{"rendered":"https:\/\/www.spruchverfahren-direkt.de\/?p=1749"},"modified":"2020-06-17T11:11:00","modified_gmt":"2020-06-17T09:11:00","slug":"audi-ag-squeeze-out-verlangen-konkretisiert","status":"publish","type":"post","link":"https:\/\/www.spruchverfahren-direkt.de\/?p=1749","title":{"rendered":"AUDI AG: Squeeze-out Verlangen konkretisiert"},"content":{"rendered":"<p>Die Volkswagen AG plant den Ausschluss der Minderheitsaktion\u00e4re der AUDI AG gegen Gew\u00e4hrung einer angemessenen Barabfindung. Die Volkswagen AG hat hierbei die Barabfindung auf 1.551,53\u00a0 Euro je Aktie der AUDI AG festgelegt, wobei \u00fcber den Squeeze-out in einer ordentlichen Hauptversammlung Beschluss gefasst werden soll. die voraussichtlich im Juli oder im August 2020 stattfinden wird.<!--more--><\/p>\n\n\n<p>Aus der <a rel=\"noreferrer noopener\" href=\"https:\/\/www.dgap.de\/dgap\/News\/adhoc\/audi-volkswagen-legt-die-barabfindung-fuer-uebertragung-der-aktien-der-minderheitsaktionaere-der-audi-auf-euro-fest\/?newsID=1352577\" target=\"_blank\">Bekanntmachung der Gesellschaft<\/a> vom 16.06.2020:<br><br>Die Volkswagen AG, Wolfsburg, hat heute gegen\u00fcber der AUDI AG ihr f\u00f6rmliches Verlangen vom 28. Februar 2020 hinsichtlich der \u00dcbertragung der<br>Aktien der Minderheitsaktion\u00e4re der AUDI AG auf die Volkswagen AG gem\u00e4\u00df \u00a7 327a Abs. 1 Satz 1 AktG best\u00e4tigt. Die Volkswagen AG hat in diesem Zusammenhang konkretisierend mitgeteilt, dass sie die den Minderheitsaktion\u00e4ren als Gegenleistung f\u00fcr die \u00dcbertragung ihrer Aktien zu zahlende Barabfindung auf 1.551,53 Euro je Aktie der AUDI AG festgelegt hat.<\/p>\n\n\n\n<p>Der \u00dcbertragungsbeschluss soll in der n\u00e4chsten ordentlichen Hauptversammlung der AUDI AG gefasst werden, die voraussichtlich im Juli oder im August 2020 stattfindet. (&#8230;)<br><br><br><strong>Zielgesellschaft:<\/strong><br><strong><em>AUDI AG<\/em><\/strong> (ISIN:DE0006757008 \/ WKN: 675700)<br><br><br>+++aktionaersforum Redaktion Spruchverfahren+++<\/p>\n\n\n\n<p><\/p>\n\n\n\n<p><\/p>\n","protected":false},"excerpt":{"rendered":"<p>Die Volkswagen AG plant den Ausschluss der Minderheitsaktion\u00e4re der AUDI AG gegen Gew\u00e4hrung einer angemessenen Barabfindung. Die Volkswagen AG hat hierbei die Barabfindung auf 1.551,53\u00a0 Euro je Aktie der AUDI AG festgelegt, wobei \u00fcber den Squeeze-out in einer ordentlichen Hauptversammlung Beschluss gefasst werden soll. die voraussichtlich im Juli oder im August 2020 stattfinden wird.<\/p>\n","protected":false},"author":4,"featured_media":0,"comment_status":"open","ping_status":"open","sticky":false,"template":"","format":"standard","meta":{"om_disable_all_campaigns":false,"sfsi_plus_gutenberg_text_before_share":"","sfsi_plus_gutenberg_show_text_before_share":"","sfsi_plus_gutenberg_icon_type":"","sfsi_plus_gutenberg_icon_alignemt":"","sfsi_plus_gutenburg_max_per_row":"","_monsterinsights_skip_tracking":false,"_monsterinsights_sitenote_active":false,"_monsterinsights_sitenote_note":"","_monsterinsights_sitenote_category":0,"_uf_show_specific_survey":0,"_uf_disable_surveys":false,"_genesis_hide_title":false,"_genesis_hide_breadcrumbs":false,"_genesis_hide_singular_image":false,"_genesis_hide_footer_widgets":false,"_genesis_custom_body_class":"","_genesis_custom_post_class":"","_genesis_layout":"","footnotes":""},"categories":[26],"tags":[139],"class_list":{"0":"post-1749","1":"post","2":"type-post","3":"status-publish","4":"format-standard","6":"category-nachrichten-zu-abfindungswerten","7":"tag-audi-ag","8":"entry"},"aioseo_notices":[],"_links":{"self":[{"href":"https:\/\/www.spruchverfahren-direkt.de\/index.php?rest_route=\/wp\/v2\/posts\/1749","targetHints":{"allow":["GET"]}}],"collection":[{"href":"https:\/\/www.spruchverfahren-direkt.de\/index.php?rest_route=\/wp\/v2\/posts"}],"about":[{"href":"https:\/\/www.spruchverfahren-direkt.de\/index.php?rest_route=\/wp\/v2\/types\/post"}],"author":[{"embeddable":true,"href":"https:\/\/www.spruchverfahren-direkt.de\/index.php?rest_route=\/wp\/v2\/users\/4"}],"replies":[{"embeddable":true,"href":"https:\/\/www.spruchverfahren-direkt.de\/index.php?rest_route=%2Fwp%2Fv2%2Fcomments&post=1749"}],"version-history":[{"count":0,"href":"https:\/\/www.spruchverfahren-direkt.de\/index.php?rest_route=\/wp\/v2\/posts\/1749\/revisions"}],"wp:attachment":[{"href":"https:\/\/www.spruchverfahren-direkt.de\/index.php?rest_route=%2Fwp%2Fv2%2Fmedia&parent=1749"}],"wp:term":[{"taxonomy":"category","embeddable":true,"href":"https:\/\/www.spruchverfahren-direkt.de\/index.php?rest_route=%2Fwp%2Fv2%2Fcategories&post=1749"},{"taxonomy":"post_tag","embeddable":true,"href":"https:\/\/www.spruchverfahren-direkt.de\/index.php?rest_route=%2Fwp%2Fv2%2Ftags&post=1749"}],"curies":[{"name":"wp","href":"https:\/\/api.w.org\/{rel}","templated":true}]}}